{"id":7676,"date":"2023-08-07T13:41:55","date_gmt":"2023-08-07T11:41:55","guid":{"rendered":"http:\/\/ilp-autocross.de\/wordpress\/?p=7676"},"modified":"2023-08-17T15:18:54","modified_gmt":"2023-08-17T13:18:54","slug":"infos-nennung-42-ax-osc-19-20-08-23","status":"publish","type":"post","link":"https:\/\/ilp-autocross.de\/wordpress\/index.php\/2023\/08\/07\/infos-nennung-42-ax-osc-19-20-08-23\/","title":{"rendered":"Infos \/ Nennung | 42. AX OSC | 19.+20.08.23"},"content":{"rendered":"<p style=\"text-align: center;\"><span style=\"color: #ff6600;\"><strong>Absage | 4. Lauf | 42. AX Oschersleben | 19.\/20.08.23<\/strong><\/span><\/p>\n<p style=\"text-align: center;\">Aufgrund der sehr starken Regenf\u00e4lle der letzten Tage und der nochmals sintflutartigen der letzten Nacht, sehen wir uns leider gezwungen, das <strong>Rennwochenende kurzfristig <span style=\"color: #ff6600;\">abzusagen<\/span><\/strong>! Eine schnelle Aufarbeitung der Strecke mit schwerem Ger\u00e4t ist daher nicht m\u00f6glich. Eine sichere Durchf\u00fchrung der Veranstaltung ist nicht gegeben.<\/p>\n<hr \/>\n<p style=\"text-align: center;\"><strong>Infos<\/strong>, <strong>Nennung<\/strong> und <strong>Dokumente<\/strong> findet Ihr<\/p>\n<blockquote>\n<p style=\"text-align: center;\"><span style=\"font-size: 14pt;\"><strong><span style=\"color: #ff6600;\"><a style=\"color: #ff6600;\" href=\"http:\/\/ilp-autocross.de\/wordpress\/index.php\/termine\/4-lauf-42-ax-osc-19-20-08-23\/\" rel=\"noopener\">&gt; hier&lt;&lt;<\/a><\/span><\/strong><\/span><\/p>\n<\/blockquote>\n<p><a href=\"http:\/\/ilp-autocross.de\/wordpress\/index.php\/termine\/4-lauf-42-ax-osc-19-20-08-23\/\"><img decoding=\"async\" loading=\"lazy\" class=\"aligncenter wp-image-7435 size-full\" src=\"http:\/\/ilp-autocross.de\/wordpress\/wp-content\/uploads\/2023\/05\/Plakat-Autocross-Oschersleben-August-2023.jpg\" alt=\"\" width=\"1264\" height=\"1772\" srcset=\"https:\/\/ilp-autocross.de\/wordpress\/wp-content\/uploads\/2023\/05\/Plakat-Autocross-Oschersleben-August-2023.jpg 1264w, https:\/\/ilp-autocross.de\/wordpress\/wp-content\/uploads\/2023\/05\/Plakat-Autocross-Oschersleben-August-2023-214x300.jpg 214w, https:\/\/ilp-autocross.de\/wordpress\/wp-content\/uploads\/2023\/05\/Plakat-Autocross-Oschersleben-August-2023-768x1077.jpg 768w, https:\/\/ilp-autocross.de\/wordpress\/wp-content\/uploads\/2023\/05\/Plakat-Autocross-Oschersleben-August-2023-730x1024.jpg 730w\" sizes=\"(max-width: 1264px) 100vw, 1264px\" \/><\/a><\/p>\n","protected":false},"excerpt":{"rendered":"<p>Absage | 4. Lauf | 42. AX Oschersleben | 19.\/20.08.23 Aufgrund der sehr starken Regenf\u00e4lle der letzten Tage und der nochmals sintflutartigen der letzten Nacht, sehen wir uns leider gezwungen, das Rennwochenende kurzfristig abzusagen! Eine schnelle Aufarbeitung der Strecke mit schwerem Ger\u00e4t ist daher nicht m\u00f6glich. Eine sichere Durchf\u00fchrung der Veranstaltung ist nicht gegeben. Infos, [&hellip;]<\/p>\n","protected":false},"author":1,"featured_media":0,"comment_status":"closed","ping_status":"closed","sticky":false,"template":"","format":"standard","meta":[],"categories":[1],"tags":[],"_links":{"self":[{"href":"https:\/\/ilp-autocross.de\/wordpress\/index.php\/wp-json\/wp\/v2\/posts\/7676"}],"collection":[{"href":"https:\/\/ilp-autocross.de\/wordpress\/index.php\/wp-json\/wp\/v2\/posts"}],"about":[{"href":"https:\/\/ilp-autocross.de\/wordpress\/index.php\/wp-json\/wp\/v2\/types\/post"}],"author":[{"embeddable":true,"href":"https:\/\/ilp-autocross.de\/wordpress\/index.php\/wp-json\/wp\/v2\/users\/1"}],"replies":[{"embeddable":true,"href":"https:\/\/ilp-autocross.de\/wordpress\/index.php\/wp-json\/wp\/v2\/comments?post=7676"}],"version-history":[{"count":5,"href":"https:\/\/ilp-autocross.de\/wordpress\/index.php\/wp-json\/wp\/v2\/posts\/7676\/revisions"}],"predecessor-version":[{"id":7787,"href":"https:\/\/ilp-autocross.de\/wordpress\/index.php\/wp-json\/wp\/v2\/posts\/7676\/revisions\/7787"}],"wp:attachment":[{"href":"https:\/\/ilp-autocross.de\/wordpress\/index.php\/wp-json\/wp\/v2\/media?parent=7676"}],"wp:term":[{"taxonomy":"category","embeddable":true,"href":"https:\/\/ilp-autocross.de\/wordpress\/index.php\/wp-json\/wp\/v2\/categories?post=7676"},{"taxonomy":"post_tag","embeddable":true,"href":"https:\/\/ilp-autocross.de\/wordpress\/index.php\/wp-json\/wp\/v2\/tags?post=7676"}],"curies":[{"name":"wp","href":"https:\/\/api.w.org\/{rel}","templated":true}]}}